{"id":1140,"date":"2020-06-20T09:00:12","date_gmt":"2020-06-20T09:00:12","guid":{"rendered":"https:\/\/thinkgut.eu\/el-proyecto-thinkgut-en-marcha-despues-de-que-se-celebre-su-reunion-de-lanzamiento\/"},"modified":"2020-11-02T22:04:05","modified_gmt":"2020-11-02T22:04:05","slug":"el-proyecto-thinkgut-en-marcha-despues-de-que-se-celebre-su-reunion-de-lanzamiento","status":"publish","type":"post","link":"https:\/\/thinkgut.eu\/ca\/el-proyecto-thinkgut-en-marcha-despues-de-que-se-celebre-su-reunion-de-lanzamiento\/","title":{"rendered":"El proyecto ThinkGut, en marcha despu\u00e9s de que se celebre su reuni\u00f3n de lanzamiento"},"content":{"rendered":"<p>El pasado 15 de junio tuvo lugar la reuni\u00f3n de lanzamiento del proyecto ThinkGut. Un evento que, dadas las circunstancias actuales del momento, se realiz\u00f3 de forma telem\u00e1tica y que marc\u00f3 el punto de partida y de puesta en marcha de este proyecto transfronterizo.<\/p>\n<p><img decoding=\"async\" loading=\"lazy\" class=\"alignnone size-full wp-image-870\" src=\"https:\/\/thinkgut.eu\/wp-content\/uploads\/sreenshot-presentation-begining.jpg\" alt=\"\" width=\"1901\" height=\"950\" style=\"padding: 30px 0px;\" srcset=\"https:\/\/thinkgut.eu\/wp-content\/uploads\/sreenshot-presentation-begining.jpg 1901w, https:\/\/thinkgut.eu\/wp-content\/uploads\/sreenshot-presentation-begining-1280x640.jpg 1280w, https:\/\/thinkgut.eu\/wp-content\/uploads\/sreenshot-presentation-begining-980x490.jpg 980w, https:\/\/thinkgut.eu\/wp-content\/uploads\/sreenshot-presentation-begining-480x240.jpg 480w\" sizes=\"(min-width: 0px) and (max-width: 480px) 480px, (min-width: 481px) and (max-width: 980px) 980px, (min-width: 981px) and (max-width: 1280px) 1280px, (min-width: 1281px) 1901px, 100vw\" \/><\/p>\n<p>La reuni\u00f3n de lanzamiento comenz\u00f3 con la introducci\u00f3n del proyecto y con unas palabras de bienvenida por parte de su coordinador, el Prof. Jos\u00e9 Manuel Fern\u00e1ndez-Real. Acto seguido, la gestora t\u00e9cnica del proyecto, Yenny Leal, realiz\u00f3 una presentaci\u00f3n cient\u00edfica del ThinkGut en la que repas\u00f3 las l\u00edneas de informaci\u00f3n generales del mismo. M\u00e1s tarde, Maria Gifre, gestora de proyectos internacionales del IDIBGI, habl\u00f3 sobre la gesti\u00f3n econ\u00f3mica y administrativa del mismo. Le sigui\u00f3 la encargada de comunicaci\u00f3n, Judit Comalada, que finaliz\u00f3 la ronda de presentaciones repasando los objetivos de comunicaci\u00f3n del ThinkGut. El acto de cierre del evento virtual fue una mesa redonda en la que los diferentes miembros del equipo pudieron participar realizando aportaciones y apreciaciones sobre las tem\u00e1ticas presentadas durante la reuni\u00f3n.<\/p>\n","protected":false},"excerpt":{"rendered":"<p>El pasado 15 de junio tuvo lugar la reuni\u00f3n de lanzamiento del proyecto ThinkGut. Un evento que, dadas las circunstancias actuales del momento, se realiz\u00f3 de forma telem\u00e1tica y que marc\u00f3 el punto de partida y de puesta en marcha de este proyecto transfronterizo. La reuni\u00f3n de lanzamiento comenz\u00f3 con la introducci\u00f3n del proyecto y [&hellip;]<\/p>\n","protected":false},"author":2,"featured_media":870,"comment_status":"closed","ping_status":"closed","sticky":false,"template":"","format":"standard","meta":{"_et_pb_use_builder":"off","_et_pb_old_content":"","_et_gb_content_width":""},"categories":[28],"tags":[],"yoast_head":"<!-- This site is optimized with the Yoast SEO plugin v20.5 - https:\/\/yoast.com\/wordpress\/plugins\/seo\/ -->\n<title>El proyecto ThinkGut, en marcha despu\u00e9s de que se celebre su reuni\u00f3n de lanzamiento - ThinkGut<\/title>\n<meta name=\"description\" content=\"El pasado 15 de junio tuvo lugar la reuni\u00f3n de lanzamiento del proyecto ThinkGut. Un evento que se realiz\u00f3 de forma telem\u00e1tica y que marc\u00f3 el punto de partida y de puesta en marcha de este proyecto transfronterizo.\" \/>\n<meta name=\"robots\" content=\"index, follow, max-snippet:-1, max-image-preview:large, max-video-preview:-1\" \/>\n<link rel=\"canonical\" href=\"https:\/\/thinkgut.eu\/ca\/el-proyecto-thinkgut-en-marcha-despues-de-que-se-celebre-su-reunion-de-lanzamiento\/\" \/>\n<meta property=\"og:locale\" content=\"ca_ES\" \/>\n<meta property=\"og:type\" content=\"article\" \/>\n<meta property=\"og:title\" content=\"El proyecto ThinkGut, en marcha despu\u00e9s de que se celebre su reuni\u00f3n de lanzamiento - ThinkGut\" \/>\n<meta property=\"og:description\" content=\"El pasado 15 de junio tuvo lugar la reuni\u00f3n de lanzamiento del proyecto ThinkGut. Un evento que se realiz\u00f3 de forma telem\u00e1tica y que marc\u00f3 el punto de partida y de puesta en marcha de este proyecto transfronterizo.\" \/>\n<meta property=\"og:url\" content=\"https:\/\/thinkgut.eu\/ca\/el-proyecto-thinkgut-en-marcha-despues-de-que-se-celebre-su-reunion-de-lanzamiento\/\" \/>\n<meta property=\"og:site_name\" content=\"ThinkGut\" \/>\n<meta property=\"article:publisher\" content=\"https:\/\/www.facebook.com\/ThinkGut-103367838164953\/?modal=admin_todo_tour\" \/>\n<meta property=\"article:published_time\" content=\"2020-06-20T09:00:12+00:00\" \/>\n<meta property=\"article:modified_time\" content=\"2020-11-02T22:04:05+00:00\" \/>\n<meta property=\"og:image\" content=\"https:\/\/thinkgut.eu\/wp-content\/uploads\/sreenshot-presentation-begining.jpg\" \/>\n\t<meta property=\"og:image:width\" content=\"1901\" \/>\n\t<meta property=\"og:image:height\" content=\"950\" \/>\n\t<meta property=\"og:image:type\" content=\"image\/jpeg\" \/>\n<meta name=\"author\" content=\"Think Gut\" \/>\n<meta name=\"twitter:card\" content=\"summary_large_image\" \/>\n<meta name=\"twitter:creator\" content=\"@thinkgut\" \/>\n<meta name=\"twitter:site\" content=\"@thinkgut\" \/>\n<meta name=\"twitter:label1\" content=\"Escrit per\" \/>\n\t<meta name=\"twitter:data1\" content=\"Think Gut\" \/>\n\t<meta name=\"twitter:label2\" content=\"Temps estimat de lectura\" \/>\n\t<meta name=\"twitter:data2\" content=\"1 minut\" \/>\n<script type=\"application\/ld+json\" class=\"yoast-schema-graph\">{\"@context\":\"https:\/\/schema.org\",\"@graph\":[{\"@type\":\"Article\",\"@id\":\"https:\/\/thinkgut.eu\/ca\/el-proyecto-thinkgut-en-marcha-despues-de-que-se-celebre-su-reunion-de-lanzamiento\/#article\",\"isPartOf\":{\"@id\":\"https:\/\/thinkgut.eu\/ca\/el-proyecto-thinkgut-en-marcha-despues-de-que-se-celebre-su-reunion-de-lanzamiento\/\"},\"author\":{\"name\":\"Think Gut\",\"@id\":\"https:\/\/thinkgut.eu\/#\/schema\/person\/fd2ffe13d3072174006a1e5580f11a77\"},\"headline\":\"El proyecto ThinkGut, en marcha despu\u00e9s de que se celebre su reuni\u00f3n de lanzamiento\",\"datePublished\":\"2020-06-20T09:00:12+00:00\",\"dateModified\":\"2020-11-02T22:04:05+00:00\",\"mainEntityOfPage\":{\"@id\":\"https:\/\/thinkgut.eu\/ca\/el-proyecto-thinkgut-en-marcha-despues-de-que-se-celebre-su-reunion-de-lanzamiento\/\"},\"wordCount\":200,\"publisher\":{\"@id\":\"https:\/\/thinkgut.eu\/#organization\"},\"articleSection\":[\"Projecte ThinkGut\"],\"inLanguage\":\"ca\"},{\"@type\":\"WebPage\",\"@id\":\"https:\/\/thinkgut.eu\/ca\/el-proyecto-thinkgut-en-marcha-despues-de-que-se-celebre-su-reunion-de-lanzamiento\/\",\"url\":\"https:\/\/thinkgut.eu\/ca\/el-proyecto-thinkgut-en-marcha-despues-de-que-se-celebre-su-reunion-de-lanzamiento\/\",\"name\":\"El proyecto ThinkGut, en marcha despu\u00e9s de que se celebre su reuni\u00f3n de lanzamiento - ThinkGut\",\"isPartOf\":{\"@id\":\"https:\/\/thinkgut.eu\/#website\"},\"datePublished\":\"2020-06-20T09:00:12+00:00\",\"dateModified\":\"2020-11-02T22:04:05+00:00\",\"description\":\"El pasado 15 de junio tuvo lugar la reuni\u00f3n de lanzamiento del proyecto ThinkGut. Un evento que se realiz\u00f3 de forma telem\u00e1tica y que marc\u00f3 el punto de partida y de puesta en marcha de este proyecto transfronterizo.\",\"breadcrumb\":{\"@id\":\"https:\/\/thinkgut.eu\/ca\/el-proyecto-thinkgut-en-marcha-despues-de-que-se-celebre-su-reunion-de-lanzamiento\/#breadcrumb\"},\"inLanguage\":\"ca\",\"potentialAction\":[{\"@type\":\"ReadAction\",\"target\":[\"https:\/\/thinkgut.eu\/ca\/el-proyecto-thinkgut-en-marcha-despues-de-que-se-celebre-su-reunion-de-lanzamiento\/\"]}]},{\"@type\":\"BreadcrumbList\",\"@id\":\"https:\/\/thinkgut.eu\/ca\/el-proyecto-thinkgut-en-marcha-despues-de-que-se-celebre-su-reunion-de-lanzamiento\/#breadcrumb\",\"itemListElement\":[{\"@type\":\"ListItem\",\"position\":1,\"name\":\"Home\",\"item\":\"https:\/\/thinkgut.eu\/ca\/\"},{\"@type\":\"ListItem\",\"position\":2,\"name\":\"El proyecto ThinkGut, en marcha despu\u00e9s de que se celebre su reuni\u00f3n de lanzamiento\"}]},{\"@type\":\"WebSite\",\"@id\":\"https:\/\/thinkgut.eu\/#website\",\"url\":\"https:\/\/thinkgut.eu\/\",\"name\":\"ThinkGut\",\"description\":\"Previsi\u00f3 personalitzada de la cognici\u00f3 a trav\u00e9s de la microbiota humana\",\"publisher\":{\"@id\":\"https:\/\/thinkgut.eu\/#organization\"},\"potentialAction\":[{\"@type\":\"SearchAction\",\"target\":{\"@type\":\"EntryPoint\",\"urlTemplate\":\"https:\/\/thinkgut.eu\/?s={search_term_string}\"},\"query-input\":\"required name=search_term_string\"}],\"inLanguage\":\"ca\"},{\"@type\":\"Organization\",\"@id\":\"https:\/\/thinkgut.eu\/#organization\",\"name\":\"ThinkGut\",\"url\":\"https:\/\/thinkgut.eu\/\",\"logo\":{\"@type\":\"ImageObject\",\"inLanguage\":\"ca\",\"@id\":\"https:\/\/thinkgut.eu\/#\/schema\/logo\/image\/\",\"url\":\"https:\/\/thinkgut.eu\/wp-content\/uploads\/2020\/07\/Interreg-POCTEFA-ThinkGut-CMYK.png\",\"contentUrl\":\"https:\/\/thinkgut.eu\/wp-content\/uploads\/2020\/07\/Interreg-POCTEFA-ThinkGut-CMYK.png\",\"width\":921,\"height\":415,\"caption\":\"ThinkGut\"},\"image\":{\"@id\":\"https:\/\/thinkgut.eu\/#\/schema\/logo\/image\/\"},\"sameAs\":[\"https:\/\/www.facebook.com\/ThinkGut-103367838164953\/?modal=admin_todo_tour\",\"https:\/\/twitter.com\/thinkgut\"]},{\"@type\":\"Person\",\"@id\":\"https:\/\/thinkgut.eu\/#\/schema\/person\/fd2ffe13d3072174006a1e5580f11a77\",\"name\":\"Think Gut\",\"image\":{\"@type\":\"ImageObject\",\"inLanguage\":\"ca\",\"@id\":\"https:\/\/thinkgut.eu\/#\/schema\/person\/image\/\",\"url\":\"https:\/\/secure.gravatar.com\/avatar\/c7fbc0a5ea69276b1a42a2194239bab8?s=96&d=mm&r=g\",\"contentUrl\":\"https:\/\/secure.gravatar.com\/avatar\/c7fbc0a5ea69276b1a42a2194239bab8?s=96&d=mm&r=g\",\"caption\":\"Think Gut\"},\"sameAs\":[\"https:\/\/thinkgut.eu\/\"]}]}<\/script>\n<!-- \/ Yoast SEO plugin. -->","yoast_head_json":{"title":"El proyecto ThinkGut, en marcha despu\u00e9s de que se celebre su reuni\u00f3n de lanzamiento - ThinkGut","description":"El pasado 15 de junio tuvo lugar la reuni\u00f3n de lanzamiento del proyecto ThinkGut. Un evento que se realiz\u00f3 de forma telem\u00e1tica y que marc\u00f3 el punto de partida y de puesta en marcha de este proyecto transfronterizo.","robots":{"index":"index","follow":"follow","max-snippet":"max-snippet:-1","max-image-preview":"max-image-preview:large","max-video-preview":"max-video-preview:-1"},"canonical":"https:\/\/thinkgut.eu\/ca\/el-proyecto-thinkgut-en-marcha-despues-de-que-se-celebre-su-reunion-de-lanzamiento\/","og_locale":"ca_ES","og_type":"article","og_title":"El proyecto ThinkGut, en marcha despu\u00e9s de que se celebre su reuni\u00f3n de lanzamiento - ThinkGut","og_description":"El pasado 15 de junio tuvo lugar la reuni\u00f3n de lanzamiento del proyecto ThinkGut. Un evento que se realiz\u00f3 de forma telem\u00e1tica y que marc\u00f3 el punto de partida y de puesta en marcha de este proyecto transfronterizo.","og_url":"https:\/\/thinkgut.eu\/ca\/el-proyecto-thinkgut-en-marcha-despues-de-que-se-celebre-su-reunion-de-lanzamiento\/","og_site_name":"ThinkGut","article_publisher":"https:\/\/www.facebook.com\/ThinkGut-103367838164953\/?modal=admin_todo_tour","article_published_time":"2020-06-20T09:00:12+00:00","article_modified_time":"2020-11-02T22:04:05+00:00","og_image":[{"width":1901,"height":950,"url":"https:\/\/thinkgut.eu\/wp-content\/uploads\/sreenshot-presentation-begining.jpg","type":"image\/jpeg"}],"author":"Think Gut","twitter_card":"summary_large_image","twitter_creator":"@thinkgut","twitter_site":"@thinkgut","twitter_misc":{"Escrit per":"Think Gut","Temps estimat de lectura":"1 minut"},"schema":{"@context":"https:\/\/schema.org","@graph":[{"@type":"Article","@id":"https:\/\/thinkgut.eu\/ca\/el-proyecto-thinkgut-en-marcha-despues-de-que-se-celebre-su-reunion-de-lanzamiento\/#article","isPartOf":{"@id":"https:\/\/thinkgut.eu\/ca\/el-proyecto-thinkgut-en-marcha-despues-de-que-se-celebre-su-reunion-de-lanzamiento\/"},"author":{"name":"Think Gut","@id":"https:\/\/thinkgut.eu\/#\/schema\/person\/fd2ffe13d3072174006a1e5580f11a77"},"headline":"El proyecto ThinkGut, en marcha despu\u00e9s de que se celebre su reuni\u00f3n de lanzamiento","datePublished":"2020-06-20T09:00:12+00:00","dateModified":"2020-11-02T22:04:05+00:00","mainEntityOfPage":{"@id":"https:\/\/thinkgut.eu\/ca\/el-proyecto-thinkgut-en-marcha-despues-de-que-se-celebre-su-reunion-de-lanzamiento\/"},"wordCount":200,"publisher":{"@id":"https:\/\/thinkgut.eu\/#organization"},"articleSection":["Projecte ThinkGut"],"inLanguage":"ca"},{"@type":"WebPage","@id":"https:\/\/thinkgut.eu\/ca\/el-proyecto-thinkgut-en-marcha-despues-de-que-se-celebre-su-reunion-de-lanzamiento\/","url":"https:\/\/thinkgut.eu\/ca\/el-proyecto-thinkgut-en-marcha-despues-de-que-se-celebre-su-reunion-de-lanzamiento\/","name":"El proyecto ThinkGut, en marcha despu\u00e9s de que se celebre su reuni\u00f3n de lanzamiento - ThinkGut","isPartOf":{"@id":"https:\/\/thinkgut.eu\/#website"},"datePublished":"2020-06-20T09:00:12+00:00","dateModified":"2020-11-02T22:04:05+00:00","description":"El pasado 15 de junio tuvo lugar la reuni\u00f3n de lanzamiento del proyecto ThinkGut. Un evento que se realiz\u00f3 de forma telem\u00e1tica y que marc\u00f3 el punto de partida y de puesta en marcha de este proyecto transfronterizo.","breadcrumb":{"@id":"https:\/\/thinkgut.eu\/ca\/el-proyecto-thinkgut-en-marcha-despues-de-que-se-celebre-su-reunion-de-lanzamiento\/#breadcrumb"},"inLanguage":"ca","potentialAction":[{"@type":"ReadAction","target":["https:\/\/thinkgut.eu\/ca\/el-proyecto-thinkgut-en-marcha-despues-de-que-se-celebre-su-reunion-de-lanzamiento\/"]}]},{"@type":"BreadcrumbList","@id":"https:\/\/thinkgut.eu\/ca\/el-proyecto-thinkgut-en-marcha-despues-de-que-se-celebre-su-reunion-de-lanzamiento\/#breadcrumb","itemListElement":[{"@type":"ListItem","position":1,"name":"Home","item":"https:\/\/thinkgut.eu\/ca\/"},{"@type":"ListItem","position":2,"name":"El proyecto ThinkGut, en marcha despu\u00e9s de que se celebre su reuni\u00f3n de lanzamiento"}]},{"@type":"WebSite","@id":"https:\/\/thinkgut.eu\/#website","url":"https:\/\/thinkgut.eu\/","name":"ThinkGut","description":"Previsi\u00f3 personalitzada de la cognici\u00f3 a trav\u00e9s de la microbiota humana","publisher":{"@id":"https:\/\/thinkgut.eu\/#organization"},"potentialAction":[{"@type":"SearchAction","target":{"@type":"EntryPoint","urlTemplate":"https:\/\/thinkgut.eu\/?s={search_term_string}"},"query-input":"required name=search_term_string"}],"inLanguage":"ca"},{"@type":"Organization","@id":"https:\/\/thinkgut.eu\/#organization","name":"ThinkGut","url":"https:\/\/thinkgut.eu\/","logo":{"@type":"ImageObject","inLanguage":"ca","@id":"https:\/\/thinkgut.eu\/#\/schema\/logo\/image\/","url":"https:\/\/thinkgut.eu\/wp-content\/uploads\/2020\/07\/Interreg-POCTEFA-ThinkGut-CMYK.png","contentUrl":"https:\/\/thinkgut.eu\/wp-content\/uploads\/2020\/07\/Interreg-POCTEFA-ThinkGut-CMYK.png","width":921,"height":415,"caption":"ThinkGut"},"image":{"@id":"https:\/\/thinkgut.eu\/#\/schema\/logo\/image\/"},"sameAs":["https:\/\/www.facebook.com\/ThinkGut-103367838164953\/?modal=admin_todo_tour","https:\/\/twitter.com\/thinkgut"]},{"@type":"Person","@id":"https:\/\/thinkgut.eu\/#\/schema\/person\/fd2ffe13d3072174006a1e5580f11a77","name":"Think Gut","image":{"@type":"ImageObject","inLanguage":"ca","@id":"https:\/\/thinkgut.eu\/#\/schema\/person\/image\/","url":"https:\/\/secure.gravatar.com\/avatar\/c7fbc0a5ea69276b1a42a2194239bab8?s=96&d=mm&r=g","contentUrl":"https:\/\/secure.gravatar.com\/avatar\/c7fbc0a5ea69276b1a42a2194239bab8?s=96&d=mm&r=g","caption":"Think Gut"},"sameAs":["https:\/\/thinkgut.eu\/"]}]}},"_links":{"self":[{"href":"https:\/\/thinkgut.eu\/ca\/wp-json\/wp\/v2\/posts\/1140"}],"collection":[{"href":"https:\/\/thinkgut.eu\/ca\/wp-json\/wp\/v2\/posts"}],"about":[{"href":"https:\/\/thinkgut.eu\/ca\/wp-json\/wp\/v2\/types\/post"}],"author":[{"embeddable":true,"href":"https:\/\/thinkgut.eu\/ca\/wp-json\/wp\/v2\/users\/2"}],"replies":[{"embeddable":true,"href":"https:\/\/thinkgut.eu\/ca\/wp-json\/wp\/v2\/comments?post=1140"}],"version-history":[{"count":1,"href":"https:\/\/thinkgut.eu\/ca\/wp-json\/wp\/v2\/posts\/1140\/revisions"}],"predecessor-version":[{"id":1270,"href":"https:\/\/thinkgut.eu\/ca\/wp-json\/wp\/v2\/posts\/1140\/revisions\/1270"}],"wp:featuredmedia":[{"embeddable":true,"href":"https:\/\/thinkgut.eu\/ca\/wp-json\/wp\/v2\/media\/870"}],"wp:attachment":[{"href":"https:\/\/thinkgut.eu\/ca\/wp-json\/wp\/v2\/media?parent=1140"}],"wp:term":[{"taxonomy":"category","embeddable":true,"href":"https:\/\/thinkgut.eu\/ca\/wp-json\/wp\/v2\/categories?post=1140"},{"taxonomy":"post_tag","embeddable":true,"href":"https:\/\/thinkgut.eu\/ca\/wp-json\/wp\/v2\/tags?post=1140"}],"curies":[{"name":"wp","href":"https:\/\/api.w.org\/{rel}","templated":true}]}}