{"id":1043,"date":"2020-01-20T09:00:16","date_gmt":"2020-01-20T09:00:16","guid":{"rendered":"https:\/\/thinkgut.eu\/publicado-el-articulo-microbiota-impacts-on-chronic-inflammation-and-metabolic-syndrome-related-cognitive-dysfunction-en-la-revista-cientifica-reviews-in-endocrine-and-metabolic-disorder\/"},"modified":"2020-11-02T09:35:51","modified_gmt":"2020-11-02T09:35:51","slug":"publicado-el-articulo-microbiota-impacts-on-chronic-inflammation-and-metabolic-syndrome-related-cognitive-dysfunction-en-la-revista-cientifica-reviews-in-endocrine-and-metabolic-disorder","status":"publish","type":"post","link":"https:\/\/thinkgut.eu\/en\/publicado-el-articulo-microbiota-impacts-on-chronic-inflammation-and-metabolic-syndrome-related-cognitive-dysfunction-en-la-revista-cientifica-reviews-in-endocrine-and-metabolic-disorder\/","title":{"rendered":"Publicado el art\u00edculo \u00abMicrobiota impacts on chronic inflammation and metabolic syndrome &#8211; related cognitive dysfunction\u00bb en la revista cient\u00edfica Reviews in Endocrine and Metabolic Disorders"},"content":{"rendered":"<p>La revista cient\u00edfica <em>Reviews in Endocrine and Metabolic Disorders <\/em>public\u00f3 el pasado mes de diciembre el art\u00edculo \u00abMicrobiota impacts on chronic inflammation and metabolic syndrome &#8211; related cognitive dysfunction\u00bb. Una publicaci\u00f3n cient\u00edfica de la Investigadora Predoctoral del proyecto ThinkGut Mar\u00eda Arnoriaga y del Prof. <a href=\"https:\/\/www.researchgate.net\/scientific-contributions\/2066316974-Jose-Manuel-Fernandez-Real\">Jos\u00e9 Manuel Fern\u00e1ndez-Real<\/a>, Coordinador del ThinkGut. En la publicaci\u00f3n, los autores se centran en explicar como algunos estudios realizados con diferentes modelos animales evidencian la incidencia de la microbiota intestinal en enfermedades como la obesidad, la diabetes tipo 2 y el s\u00edndrome metab\u00f3lico y como \u00e9stas est\u00e1n relacionadas con la disfunci\u00f3n cognitiva. <img decoding=\"async\" loading=\"lazy\" class=\"alignnone size-full wp-image-886\" src=\"https:\/\/thinkgut.eu\/wp-content\/uploads\/IMG-20200407-WA0044.jpg\" alt=\"\" width=\"1275\" height=\"713\" srcset=\"https:\/\/thinkgut.eu\/wp-content\/uploads\/IMG-20200407-WA0044.jpg 1275w, https:\/\/thinkgut.eu\/wp-content\/uploads\/IMG-20200407-WA0044-980x548.jpg 980w, https:\/\/thinkgut.eu\/wp-content\/uploads\/IMG-20200407-WA0044-480x268.jpg 480w\" sizes=\"(min-width: 0px) and (max-width: 480px) 480px, (min-width: 481px) and (max-width: 980px) 980px, (min-width: 981px) 1275px, 100vw\" \/> Los enlaces para acceder a la publicaci\u00f3n pueden encontrarse en <a href=\"https:\/\/link.springer.com\/article\/10.1007%2Fs11154-019-09537-5\">Springer Link<\/a> y en <a href=\"https:\/\/www.researchgate.net\/publication\/338214543_Microbiota_impacts_on_chronic_inflammation_and_metabolic_syndrome_-_related_cognitive_dysfunction\">Research Gate<\/a>, donde su autora Mar\u00eda Arnoriaga ha hecho una menci\u00f3n.<\/p>\n","protected":false},"excerpt":{"rendered":"<p>La revista cient\u00edfica Reviews in Endocrine and Metabolic Disorders public\u00f3 el pasado mes de diciembre el art\u00edculo \u00abMicrobiota impacts on chronic inflammation and metabolic syndrome &#8211; related cognitive dysfunction\u00bb. Una publicaci\u00f3n cient\u00edfica de la Investigadora Predoctoral del proyecto ThinkGut Mar\u00eda Arnoriaga y del Prof. Jos\u00e9 Manuel Fern\u00e1ndez-Real, Coordinador del ThinkGut. En la publicaci\u00f3n, los autores [&hellip;]<\/p>\n","protected":false},"author":2,"featured_media":886,"comment_status":"closed","ping_status":"closed","sticky":false,"template":"","format":"standard","meta":{"_et_pb_use_builder":"","_et_pb_old_content":"","_et_gb_content_width":""},"categories":[24],"tags":[],"yoast_head":"<!-- This site is optimized with the Yoast SEO plugin v20.5 - https:\/\/yoast.com\/wordpress\/plugins\/seo\/ -->\n<title>Publicado el art\u00edculo \u00abMicrobiota impacts on chronic inflammation and metabolic syndrome - related cognitive dysfunction\u00bb en la revista cient\u00edfica Reviews in Endocrine and Metabolic Disorders - ThinkGut<\/title>\n<meta name=\"description\" content=\"La revista cient\u00edfica Reviews in Endocrine and Metabolic Disorders public\u00f3 el pasado mes de diciembre el art\u00edculo \u00abMicrobiota impacts on chronic inflammation and metabolic syndrome - related cognitive dysfunction\u00bb.\" \/>\n<meta name=\"robots\" content=\"index, follow, max-snippet:-1, max-image-preview:large, max-video-preview:-1\" \/>\n<link rel=\"canonical\" href=\"https:\/\/thinkgut.eu\/en\/publicado-el-articulo-microbiota-impacts-on-chronic-inflammation-and-metabolic-syndrome-related-cognitive-dysfunction-en-la-revista-cientifica-reviews-in-endocrine-and-metabolic-disorder\/\" \/>\n<meta property=\"og:locale\" content=\"en_US\" \/>\n<meta property=\"og:type\" content=\"article\" \/>\n<meta property=\"og:title\" content=\"Publicado el art\u00edculo \u00abMicrobiota impacts on chronic inflammation and metabolic syndrome - related cognitive dysfunction\u00bb en la revista cient\u00edfica Reviews in Endocrine and Metabolic Disorders - ThinkGut\" \/>\n<meta property=\"og:description\" content=\"La revista cient\u00edfica Reviews in Endocrine and Metabolic Disorders public\u00f3 el pasado mes de diciembre el art\u00edculo \u00abMicrobiota impacts on chronic inflammation and metabolic syndrome - related cognitive dysfunction\u00bb.\" \/>\n<meta property=\"og:url\" content=\"https:\/\/thinkgut.eu\/en\/publicado-el-articulo-microbiota-impacts-on-chronic-inflammation-and-metabolic-syndrome-related-cognitive-dysfunction-en-la-revista-cientifica-reviews-in-endocrine-and-metabolic-disorder\/\" \/>\n<meta property=\"og:site_name\" content=\"ThinkGut\" \/>\n<meta property=\"article:publisher\" content=\"https:\/\/www.facebook.com\/ThinkGut-103367838164953\/?modal=admin_todo_tour\" \/>\n<meta property=\"article:published_time\" content=\"2020-01-20T09:00:16+00:00\" \/>\n<meta property=\"article:modified_time\" content=\"2020-11-02T09:35:51+00:00\" \/>\n<meta property=\"og:image\" content=\"https:\/\/thinkgut.eu\/wp-content\/uploads\/IMG-20200407-WA0044.jpg\" \/>\n\t<meta property=\"og:image:width\" content=\"1275\" \/>\n\t<meta property=\"og:image:height\" content=\"713\" \/>\n\t<meta property=\"og:image:type\" content=\"image\/jpeg\" \/>\n<meta name=\"author\" content=\"Think Gut\" \/>\n<meta name=\"twitter:card\" content=\"summary_large_image\" \/>\n<meta name=\"twitter:creator\" content=\"@thinkgut\" \/>\n<meta name=\"twitter:site\" content=\"@thinkgut\" \/>\n<meta name=\"twitter:label1\" content=\"Written by\" \/>\n\t<meta name=\"twitter:data1\" content=\"Think Gut\" \/>\n\t<meta name=\"twitter:label2\" content=\"Est. reading time\" \/>\n\t<meta name=\"twitter:data2\" content=\"1 minute\" \/>\n<script type=\"application\/ld+json\" class=\"yoast-schema-graph\">{\"@context\":\"https:\/\/schema.org\",\"@graph\":[{\"@type\":\"Article\",\"@id\":\"https:\/\/thinkgut.eu\/en\/publicado-el-articulo-microbiota-impacts-on-chronic-inflammation-and-metabolic-syndrome-related-cognitive-dysfunction-en-la-revista-cientifica-reviews-in-endocrine-and-metabolic-disorder\/#article\",\"isPartOf\":{\"@id\":\"https:\/\/thinkgut.eu\/en\/publicado-el-articulo-microbiota-impacts-on-chronic-inflammation-and-metabolic-syndrome-related-cognitive-dysfunction-en-la-revista-cientifica-reviews-in-endocrine-and-metabolic-disorder\/\"},\"author\":{\"name\":\"Think Gut\",\"@id\":\"https:\/\/thinkgut.eu\/#\/schema\/person\/fd2ffe13d3072174006a1e5580f11a77\"},\"headline\":\"Publicado el art\u00edculo \u00abMicrobiota impacts on chronic inflammation and metabolic syndrome &#8211; related cognitive dysfunction\u00bb en la revista cient\u00edfica Reviews in Endocrine and Metabolic Disorders\",\"datePublished\":\"2020-01-20T09:00:16+00:00\",\"dateModified\":\"2020-11-02T09:35:51+00:00\",\"mainEntityOfPage\":{\"@id\":\"https:\/\/thinkgut.eu\/en\/publicado-el-articulo-microbiota-impacts-on-chronic-inflammation-and-metabolic-syndrome-related-cognitive-dysfunction-en-la-revista-cientifica-reviews-in-endocrine-and-metabolic-disorder\/\"},\"wordCount\":161,\"publisher\":{\"@id\":\"https:\/\/thinkgut.eu\/#organization\"},\"articleSection\":[\"Publications\"],\"inLanguage\":\"en-US\"},{\"@type\":\"WebPage\",\"@id\":\"https:\/\/thinkgut.eu\/en\/publicado-el-articulo-microbiota-impacts-on-chronic-inflammation-and-metabolic-syndrome-related-cognitive-dysfunction-en-la-revista-cientifica-reviews-in-endocrine-and-metabolic-disorder\/\",\"url\":\"https:\/\/thinkgut.eu\/en\/publicado-el-articulo-microbiota-impacts-on-chronic-inflammation-and-metabolic-syndrome-related-cognitive-dysfunction-en-la-revista-cientifica-reviews-in-endocrine-and-metabolic-disorder\/\",\"name\":\"Publicado el art\u00edculo \u00abMicrobiota impacts on chronic inflammation and metabolic syndrome - related cognitive dysfunction\u00bb en la revista cient\u00edfica Reviews in Endocrine and Metabolic Disorders - ThinkGut\",\"isPartOf\":{\"@id\":\"https:\/\/thinkgut.eu\/#website\"},\"datePublished\":\"2020-01-20T09:00:16+00:00\",\"dateModified\":\"2020-11-02T09:35:51+00:00\",\"description\":\"La revista cient\u00edfica Reviews in Endocrine and Metabolic Disorders public\u00f3 el pasado mes de diciembre el art\u00edculo \u00abMicrobiota impacts on chronic inflammation and metabolic syndrome - related cognitive dysfunction\u00bb.\",\"breadcrumb\":{\"@id\":\"https:\/\/thinkgut.eu\/en\/publicado-el-articulo-microbiota-impacts-on-chronic-inflammation-and-metabolic-syndrome-related-cognitive-dysfunction-en-la-revista-cientifica-reviews-in-endocrine-and-metabolic-disorder\/#breadcrumb\"},\"inLanguage\":\"en-US\",\"potentialAction\":[{\"@type\":\"ReadAction\",\"target\":[\"https:\/\/thinkgut.eu\/en\/publicado-el-articulo-microbiota-impacts-on-chronic-inflammation-and-metabolic-syndrome-related-cognitive-dysfunction-en-la-revista-cientifica-reviews-in-endocrine-and-metabolic-disorder\/\"]}]},{\"@type\":\"BreadcrumbList\",\"@id\":\"https:\/\/thinkgut.eu\/en\/publicado-el-articulo-microbiota-impacts-on-chronic-inflammation-and-metabolic-syndrome-related-cognitive-dysfunction-en-la-revista-cientifica-reviews-in-endocrine-and-metabolic-disorder\/#breadcrumb\",\"itemListElement\":[{\"@type\":\"ListItem\",\"position\":1,\"name\":\"Home\",\"item\":\"https:\/\/thinkgut.eu\/en\/\"},{\"@type\":\"ListItem\",\"position\":2,\"name\":\"Publicado el art\u00edculo \u00abMicrobiota impacts on chronic inflammation and metabolic syndrome &#8211; related cognitive dysfunction\u00bb en la revista cient\u00edfica Reviews in Endocrine and Metabolic Disorders\"}]},{\"@type\":\"WebSite\",\"@id\":\"https:\/\/thinkgut.eu\/#website\",\"url\":\"https:\/\/thinkgut.eu\/\",\"name\":\"ThinkGut\",\"description\":\"Personalized prediction of cognition through the human microbiota\",\"publisher\":{\"@id\":\"https:\/\/thinkgut.eu\/#organization\"},\"potentialAction\":[{\"@type\":\"SearchAction\",\"target\":{\"@type\":\"EntryPoint\",\"urlTemplate\":\"https:\/\/thinkgut.eu\/?s={search_term_string}\"},\"query-input\":\"required name=search_term_string\"}],\"inLanguage\":\"en-US\"},{\"@type\":\"Organization\",\"@id\":\"https:\/\/thinkgut.eu\/#organization\",\"name\":\"ThinkGut\",\"url\":\"https:\/\/thinkgut.eu\/\",\"logo\":{\"@type\":\"ImageObject\",\"inLanguage\":\"en-US\",\"@id\":\"https:\/\/thinkgut.eu\/#\/schema\/logo\/image\/\",\"url\":\"https:\/\/thinkgut.eu\/wp-content\/uploads\/2020\/07\/Interreg-POCTEFA-ThinkGut-CMYK.png\",\"contentUrl\":\"https:\/\/thinkgut.eu\/wp-content\/uploads\/2020\/07\/Interreg-POCTEFA-ThinkGut-CMYK.png\",\"width\":921,\"height\":415,\"caption\":\"ThinkGut\"},\"image\":{\"@id\":\"https:\/\/thinkgut.eu\/#\/schema\/logo\/image\/\"},\"sameAs\":[\"https:\/\/www.facebook.com\/ThinkGut-103367838164953\/?modal=admin_todo_tour\",\"https:\/\/twitter.com\/thinkgut\"]},{\"@type\":\"Person\",\"@id\":\"https:\/\/thinkgut.eu\/#\/schema\/person\/fd2ffe13d3072174006a1e5580f11a77\",\"name\":\"Think Gut\",\"image\":{\"@type\":\"ImageObject\",\"inLanguage\":\"en-US\",\"@id\":\"https:\/\/thinkgut.eu\/#\/schema\/person\/image\/\",\"url\":\"https:\/\/secure.gravatar.com\/avatar\/c7fbc0a5ea69276b1a42a2194239bab8?s=96&d=mm&r=g\",\"contentUrl\":\"https:\/\/secure.gravatar.com\/avatar\/c7fbc0a5ea69276b1a42a2194239bab8?s=96&d=mm&r=g\",\"caption\":\"Think Gut\"},\"sameAs\":[\"https:\/\/thinkgut.eu\/\"]}]}<\/script>\n<!-- \/ Yoast SEO plugin. -->","yoast_head_json":{"title":"Publicado el art\u00edculo \u00abMicrobiota impacts on chronic inflammation and metabolic syndrome - related cognitive dysfunction\u00bb en la revista cient\u00edfica Reviews in Endocrine and Metabolic Disorders - ThinkGut","description":"La revista cient\u00edfica Reviews in Endocrine and Metabolic Disorders public\u00f3 el pasado mes de diciembre el art\u00edculo \u00abMicrobiota impacts on chronic inflammation and metabolic syndrome - related cognitive dysfunction\u00bb.","robots":{"index":"index","follow":"follow","max-snippet":"max-snippet:-1","max-image-preview":"max-image-preview:large","max-video-preview":"max-video-preview:-1"},"canonical":"https:\/\/thinkgut.eu\/en\/publicado-el-articulo-microbiota-impacts-on-chronic-inflammation-and-metabolic-syndrome-related-cognitive-dysfunction-en-la-revista-cientifica-reviews-in-endocrine-and-metabolic-disorder\/","og_locale":"en_US","og_type":"article","og_title":"Publicado el art\u00edculo \u00abMicrobiota impacts on chronic inflammation and metabolic syndrome - related cognitive dysfunction\u00bb en la revista cient\u00edfica Reviews in Endocrine and Metabolic Disorders - ThinkGut","og_description":"La revista cient\u00edfica Reviews in Endocrine and Metabolic Disorders public\u00f3 el pasado mes de diciembre el art\u00edculo \u00abMicrobiota impacts on chronic inflammation and metabolic syndrome - related cognitive dysfunction\u00bb.","og_url":"https:\/\/thinkgut.eu\/en\/publicado-el-articulo-microbiota-impacts-on-chronic-inflammation-and-metabolic-syndrome-related-cognitive-dysfunction-en-la-revista-cientifica-reviews-in-endocrine-and-metabolic-disorder\/","og_site_name":"ThinkGut","article_publisher":"https:\/\/www.facebook.com\/ThinkGut-103367838164953\/?modal=admin_todo_tour","article_published_time":"2020-01-20T09:00:16+00:00","article_modified_time":"2020-11-02T09:35:51+00:00","og_image":[{"width":1275,"height":713,"url":"https:\/\/thinkgut.eu\/wp-content\/uploads\/IMG-20200407-WA0044.jpg","type":"image\/jpeg"}],"author":"Think Gut","twitter_card":"summary_large_image","twitter_creator":"@thinkgut","twitter_site":"@thinkgut","twitter_misc":{"Written by":"Think Gut","Est. reading time":"1 minute"},"schema":{"@context":"https:\/\/schema.org","@graph":[{"@type":"Article","@id":"https:\/\/thinkgut.eu\/en\/publicado-el-articulo-microbiota-impacts-on-chronic-inflammation-and-metabolic-syndrome-related-cognitive-dysfunction-en-la-revista-cientifica-reviews-in-endocrine-and-metabolic-disorder\/#article","isPartOf":{"@id":"https:\/\/thinkgut.eu\/en\/publicado-el-articulo-microbiota-impacts-on-chronic-inflammation-and-metabolic-syndrome-related-cognitive-dysfunction-en-la-revista-cientifica-reviews-in-endocrine-and-metabolic-disorder\/"},"author":{"name":"Think Gut","@id":"https:\/\/thinkgut.eu\/#\/schema\/person\/fd2ffe13d3072174006a1e5580f11a77"},"headline":"Publicado el art\u00edculo \u00abMicrobiota impacts on chronic inflammation and metabolic syndrome &#8211; related cognitive dysfunction\u00bb en la revista cient\u00edfica Reviews in Endocrine and Metabolic Disorders","datePublished":"2020-01-20T09:00:16+00:00","dateModified":"2020-11-02T09:35:51+00:00","mainEntityOfPage":{"@id":"https:\/\/thinkgut.eu\/en\/publicado-el-articulo-microbiota-impacts-on-chronic-inflammation-and-metabolic-syndrome-related-cognitive-dysfunction-en-la-revista-cientifica-reviews-in-endocrine-and-metabolic-disorder\/"},"wordCount":161,"publisher":{"@id":"https:\/\/thinkgut.eu\/#organization"},"articleSection":["Publications"],"inLanguage":"en-US"},{"@type":"WebPage","@id":"https:\/\/thinkgut.eu\/en\/publicado-el-articulo-microbiota-impacts-on-chronic-inflammation-and-metabolic-syndrome-related-cognitive-dysfunction-en-la-revista-cientifica-reviews-in-endocrine-and-metabolic-disorder\/","url":"https:\/\/thinkgut.eu\/en\/publicado-el-articulo-microbiota-impacts-on-chronic-inflammation-and-metabolic-syndrome-related-cognitive-dysfunction-en-la-revista-cientifica-reviews-in-endocrine-and-metabolic-disorder\/","name":"Publicado el art\u00edculo \u00abMicrobiota impacts on chronic inflammation and metabolic syndrome - related cognitive dysfunction\u00bb en la revista cient\u00edfica Reviews in Endocrine and Metabolic Disorders - ThinkGut","isPartOf":{"@id":"https:\/\/thinkgut.eu\/#website"},"datePublished":"2020-01-20T09:00:16+00:00","dateModified":"2020-11-02T09:35:51+00:00","description":"La revista cient\u00edfica Reviews in Endocrine and Metabolic Disorders public\u00f3 el pasado mes de diciembre el art\u00edculo \u00abMicrobiota impacts on chronic inflammation and metabolic syndrome - related cognitive dysfunction\u00bb.","breadcrumb":{"@id":"https:\/\/thinkgut.eu\/en\/publicado-el-articulo-microbiota-impacts-on-chronic-inflammation-and-metabolic-syndrome-related-cognitive-dysfunction-en-la-revista-cientifica-reviews-in-endocrine-and-metabolic-disorder\/#breadcrumb"},"inLanguage":"en-US","potentialAction":[{"@type":"ReadAction","target":["https:\/\/thinkgut.eu\/en\/publicado-el-articulo-microbiota-impacts-on-chronic-inflammation-and-metabolic-syndrome-related-cognitive-dysfunction-en-la-revista-cientifica-reviews-in-endocrine-and-metabolic-disorder\/"]}]},{"@type":"BreadcrumbList","@id":"https:\/\/thinkgut.eu\/en\/publicado-el-articulo-microbiota-impacts-on-chronic-inflammation-and-metabolic-syndrome-related-cognitive-dysfunction-en-la-revista-cientifica-reviews-in-endocrine-and-metabolic-disorder\/#breadcrumb","itemListElement":[{"@type":"ListItem","position":1,"name":"Home","item":"https:\/\/thinkgut.eu\/en\/"},{"@type":"ListItem","position":2,"name":"Publicado el art\u00edculo \u00abMicrobiota impacts on chronic inflammation and metabolic syndrome &#8211; related cognitive dysfunction\u00bb en la revista cient\u00edfica Reviews in Endocrine and Metabolic Disorders"}]},{"@type":"WebSite","@id":"https:\/\/thinkgut.eu\/#website","url":"https:\/\/thinkgut.eu\/","name":"ThinkGut","description":"Personalized prediction of cognition through the human microbiota","publisher":{"@id":"https:\/\/thinkgut.eu\/#organization"},"potentialAction":[{"@type":"SearchAction","target":{"@type":"EntryPoint","urlTemplate":"https:\/\/thinkgut.eu\/?s={search_term_string}"},"query-input":"required name=search_term_string"}],"inLanguage":"en-US"},{"@type":"Organization","@id":"https:\/\/thinkgut.eu\/#organization","name":"ThinkGut","url":"https:\/\/thinkgut.eu\/","logo":{"@type":"ImageObject","inLanguage":"en-US","@id":"https:\/\/thinkgut.eu\/#\/schema\/logo\/image\/","url":"https:\/\/thinkgut.eu\/wp-content\/uploads\/2020\/07\/Interreg-POCTEFA-ThinkGut-CMYK.png","contentUrl":"https:\/\/thinkgut.eu\/wp-content\/uploads\/2020\/07\/Interreg-POCTEFA-ThinkGut-CMYK.png","width":921,"height":415,"caption":"ThinkGut"},"image":{"@id":"https:\/\/thinkgut.eu\/#\/schema\/logo\/image\/"},"sameAs":["https:\/\/www.facebook.com\/ThinkGut-103367838164953\/?modal=admin_todo_tour","https:\/\/twitter.com\/thinkgut"]},{"@type":"Person","@id":"https:\/\/thinkgut.eu\/#\/schema\/person\/fd2ffe13d3072174006a1e5580f11a77","name":"Think Gut","image":{"@type":"ImageObject","inLanguage":"en-US","@id":"https:\/\/thinkgut.eu\/#\/schema\/person\/image\/","url":"https:\/\/secure.gravatar.com\/avatar\/c7fbc0a5ea69276b1a42a2194239bab8?s=96&d=mm&r=g","contentUrl":"https:\/\/secure.gravatar.com\/avatar\/c7fbc0a5ea69276b1a42a2194239bab8?s=96&d=mm&r=g","caption":"Think Gut"},"sameAs":["https:\/\/thinkgut.eu\/"]}]}},"_links":{"self":[{"href":"https:\/\/thinkgut.eu\/en\/wp-json\/wp\/v2\/posts\/1043"}],"collection":[{"href":"https:\/\/thinkgut.eu\/en\/wp-json\/wp\/v2\/posts"}],"about":[{"href":"https:\/\/thinkgut.eu\/en\/wp-json\/wp\/v2\/types\/post"}],"author":[{"embeddable":true,"href":"https:\/\/thinkgut.eu\/en\/wp-json\/wp\/v2\/users\/2"}],"replies":[{"embeddable":true,"href":"https:\/\/thinkgut.eu\/en\/wp-json\/wp\/v2\/comments?post=1043"}],"version-history":[{"count":1,"href":"https:\/\/thinkgut.eu\/en\/wp-json\/wp\/v2\/posts\/1043\/revisions"}],"predecessor-version":[{"id":1046,"href":"https:\/\/thinkgut.eu\/en\/wp-json\/wp\/v2\/posts\/1043\/revisions\/1046"}],"wp:featuredmedia":[{"embeddable":true,"href":"https:\/\/thinkgut.eu\/en\/wp-json\/wp\/v2\/media\/886"}],"wp:attachment":[{"href":"https:\/\/thinkgut.eu\/en\/wp-json\/wp\/v2\/media?parent=1043"}],"wp:term":[{"taxonomy":"category","embeddable":true,"href":"https:\/\/thinkgut.eu\/en\/wp-json\/wp\/v2\/categories?post=1043"},{"taxonomy":"post_tag","embeddable":true,"href":"https:\/\/thinkgut.eu\/en\/wp-json\/wp\/v2\/tags?post=1043"}],"curies":[{"name":"wp","href":"https:\/\/api.w.org\/{rel}","templated":true}]}}