{"id":1745,"date":"2021-06-04T19:52:17","date_gmt":"2021-06-04T17:52:17","guid":{"rendered":"https:\/\/thinkgut.eu\/?p=1745"},"modified":"2021-06-04T19:55:10","modified_gmt":"2021-06-04T17:55:10","slug":"la-segunda-reunion-de-seguimiento-del-proyecto-thinkgut-muestra-como-el-proyecto-avanza-con-exito","status":"publish","type":"post","link":"https:\/\/thinkgut.eu\/en\/la-segunda-reunion-de-seguimiento-del-proyecto-thinkgut-muestra-como-el-proyecto-avanza-con-exito\/","title":{"rendered":"La segunda reuni\u00f3n de seguimiento del proyecto ThinkGut muestra como el proyecto avanza con \u00e9xito"},"content":{"rendered":"<p>El pasado 20 de mayo tuvo lugar la reuni\u00f3n de seguimiento semestral del proyecto ThinkGut. Un encuentro que una vez m\u00e1s se celebr\u00f3 de manera telem\u00e1tica y que tuvo la oportunidad de mostrar nuevamente como el proyecto contin\u00faa avanzando seg\u00fan las previsiones, llegando correctamente a todas las tareas y objetivos que se hab\u00edan previsto para este momento.<br \/>\n&nbsp;<br \/>\n<img decoding=\"async\" loading=\"lazy\" class=\"size-full wp-image-1739 aligncenter\" src=\"https:\/\/thinkgut.eu\/wp-content\/uploads\/foto_thinkgut.jpg\" alt=\"\" width=\"960\" height=\"720\" srcset=\"https:\/\/thinkgut.eu\/wp-content\/uploads\/foto_thinkgut.jpg 960w, https:\/\/thinkgut.eu\/wp-content\/uploads\/foto_thinkgut-480x360.jpg 480w\" sizes=\"(min-width: 0px) and (max-width: 480px) 480px, (min-width: 481px) 960px, 100vw\" \/><br \/>\n&nbsp;<br \/>\nEn la reuni\u00f3n intervinieron, como es habitual, Yenny Leal, a cargo de la gesti\u00f3n del ThinkGut, el Prof. Jos\u00e9 Manuel Fern\u00e1ndez-Real, como coordinador del mismo (e investigador del CIBEROBN) y Mar\u00eda Arnoriaga, as\u00ed como los miembros del equipo transfronterizo: Dr. Remy Burcel\u00edn, Maxime Fontani\u00e9, Anne Abot, entre otras personas que forman parte del proyecto.<\/p>\n<p>De cara a la pr\u00f3xima reuni\u00f3n de seguimiento, el equipo del ThinkGut espera poder realizar el encuentro de manera presencial en Toulouse, de forma que las distintas personas del equipo puedan reunirse finalmente, despu\u00e9s de todo el tiempo que llevan trabajando a trav\u00e9s de un entorno mayoritariamente virtual.<\/p>\n","protected":false},"excerpt":{"rendered":"<p>El pasado 20 de mayo tuvo lugar la reuni\u00f3n de seguimiento semestral del proyecto ThinkGut. Un encuentro que una vez m\u00e1s se celebr\u00f3 de manera telem\u00e1tica y que tuvo la oportunidad de mostrar nuevamente como el proyecto contin\u00faa avanzando seg\u00fan las previsiones, llegando correctamente a todas las tareas y objetivos que se hab\u00edan previsto para [&hellip;]<\/p>\n","protected":false},"author":2,"featured_media":1739,"comment_status":"closed","ping_status":"closed","sticky":false,"template":"","format":"standard","meta":{"_et_pb_use_builder":"","_et_pb_old_content":"","_et_gb_content_width":""},"categories":[25],"tags":[],"yoast_head":"<!-- This site is optimized with the Yoast SEO plugin v20.5 - https:\/\/yoast.com\/wordpress\/plugins\/seo\/ -->\n<title>La segunda reuni\u00f3n de seguimiento del proyecto ThinkGut muestra como el proyecto avanza con \u00e9xito - ThinkGut<\/title>\n<meta name=\"description\" content=\"El pasado 20 de mayo tuvo lugar la reuni\u00f3n de seguimiento semestral del proyecto ThinkGut. Un encuentro que una vez m\u00e1s se celebr\u00f3 de manera telem\u00e1tica y que tuvo la oportunidad de mostrar nuevamente como el proyecto contin\u00faa avanzando.\" \/>\n<meta name=\"robots\" content=\"index, follow, max-snippet:-1, max-image-preview:large, max-video-preview:-1\" \/>\n<link rel=\"canonical\" href=\"https:\/\/thinkgut.eu\/en\/la-segunda-reunion-de-seguimiento-del-proyecto-thinkgut-muestra-como-el-proyecto-avanza-con-exito\/\" \/>\n<meta property=\"og:locale\" content=\"en_US\" \/>\n<meta property=\"og:type\" content=\"article\" \/>\n<meta property=\"og:title\" content=\"La segunda reuni\u00f3n de seguimiento del proyecto ThinkGut muestra como el proyecto avanza con \u00e9xito - ThinkGut\" \/>\n<meta property=\"og:description\" content=\"El pasado 20 de mayo tuvo lugar la reuni\u00f3n de seguimiento semestral del proyecto ThinkGut. Un encuentro que una vez m\u00e1s se celebr\u00f3 de manera telem\u00e1tica y que tuvo la oportunidad de mostrar nuevamente como el proyecto contin\u00faa avanzando.\" \/>\n<meta property=\"og:url\" content=\"https:\/\/thinkgut.eu\/en\/la-segunda-reunion-de-seguimiento-del-proyecto-thinkgut-muestra-como-el-proyecto-avanza-con-exito\/\" \/>\n<meta property=\"og:site_name\" content=\"ThinkGut\" \/>\n<meta property=\"article:publisher\" content=\"https:\/\/www.facebook.com\/ThinkGut-103367838164953\/?modal=admin_todo_tour\" \/>\n<meta property=\"article:published_time\" content=\"2021-06-04T17:52:17+00:00\" \/>\n<meta property=\"article:modified_time\" content=\"2021-06-04T17:55:10+00:00\" \/>\n<meta property=\"og:image\" content=\"https:\/\/thinkgut.eu\/wp-content\/uploads\/foto_thinkgut.jpg\" \/>\n\t<meta property=\"og:image:width\" content=\"960\" \/>\n\t<meta property=\"og:image:height\" content=\"720\" \/>\n\t<meta property=\"og:image:type\" content=\"image\/jpeg\" \/>\n<meta name=\"author\" content=\"Think Gut\" \/>\n<meta name=\"twitter:card\" content=\"summary_large_image\" \/>\n<meta name=\"twitter:creator\" content=\"@thinkgut\" \/>\n<meta name=\"twitter:site\" content=\"@thinkgut\" \/>\n<meta name=\"twitter:label1\" content=\"Written by\" \/>\n\t<meta name=\"twitter:data1\" content=\"Think Gut\" \/>\n\t<meta name=\"twitter:label2\" content=\"Est. reading time\" \/>\n\t<meta name=\"twitter:data2\" content=\"1 minute\" \/>\n<script type=\"application\/ld+json\" class=\"yoast-schema-graph\">{\"@context\":\"https:\/\/schema.org\",\"@graph\":[{\"@type\":\"Article\",\"@id\":\"https:\/\/thinkgut.eu\/en\/la-segunda-reunion-de-seguimiento-del-proyecto-thinkgut-muestra-como-el-proyecto-avanza-con-exito\/#article\",\"isPartOf\":{\"@id\":\"https:\/\/thinkgut.eu\/en\/la-segunda-reunion-de-seguimiento-del-proyecto-thinkgut-muestra-como-el-proyecto-avanza-con-exito\/\"},\"author\":{\"name\":\"Think Gut\",\"@id\":\"https:\/\/thinkgut.eu\/#\/schema\/person\/fd2ffe13d3072174006a1e5580f11a77\"},\"headline\":\"La segunda reuni\u00f3n de seguimiento del proyecto ThinkGut muestra como el proyecto avanza con \u00e9xito\",\"datePublished\":\"2021-06-04T17:52:17+00:00\",\"dateModified\":\"2021-06-04T17:55:10+00:00\",\"mainEntityOfPage\":{\"@id\":\"https:\/\/thinkgut.eu\/en\/la-segunda-reunion-de-seguimiento-del-proyecto-thinkgut-muestra-como-el-proyecto-avanza-con-exito\/\"},\"wordCount\":191,\"publisher\":{\"@id\":\"https:\/\/thinkgut.eu\/#organization\"},\"articleSection\":[\"ThinkGut project\"],\"inLanguage\":\"en-US\"},{\"@type\":\"WebPage\",\"@id\":\"https:\/\/thinkgut.eu\/en\/la-segunda-reunion-de-seguimiento-del-proyecto-thinkgut-muestra-como-el-proyecto-avanza-con-exito\/\",\"url\":\"https:\/\/thinkgut.eu\/en\/la-segunda-reunion-de-seguimiento-del-proyecto-thinkgut-muestra-como-el-proyecto-avanza-con-exito\/\",\"name\":\"La segunda reuni\u00f3n de seguimiento del proyecto ThinkGut muestra como el proyecto avanza con \u00e9xito - ThinkGut\",\"isPartOf\":{\"@id\":\"https:\/\/thinkgut.eu\/#website\"},\"datePublished\":\"2021-06-04T17:52:17+00:00\",\"dateModified\":\"2021-06-04T17:55:10+00:00\",\"description\":\"El pasado 20 de mayo tuvo lugar la reuni\u00f3n de seguimiento semestral del proyecto ThinkGut. Un encuentro que una vez m\u00e1s se celebr\u00f3 de manera telem\u00e1tica y que tuvo la oportunidad de mostrar nuevamente como el proyecto contin\u00faa avanzando.\",\"breadcrumb\":{\"@id\":\"https:\/\/thinkgut.eu\/en\/la-segunda-reunion-de-seguimiento-del-proyecto-thinkgut-muestra-como-el-proyecto-avanza-con-exito\/#breadcrumb\"},\"inLanguage\":\"en-US\",\"potentialAction\":[{\"@type\":\"ReadAction\",\"target\":[\"https:\/\/thinkgut.eu\/en\/la-segunda-reunion-de-seguimiento-del-proyecto-thinkgut-muestra-como-el-proyecto-avanza-con-exito\/\"]}]},{\"@type\":\"BreadcrumbList\",\"@id\":\"https:\/\/thinkgut.eu\/en\/la-segunda-reunion-de-seguimiento-del-proyecto-thinkgut-muestra-como-el-proyecto-avanza-con-exito\/#breadcrumb\",\"itemListElement\":[{\"@type\":\"ListItem\",\"position\":1,\"name\":\"Home\",\"item\":\"https:\/\/thinkgut.eu\/en\/\"},{\"@type\":\"ListItem\",\"position\":2,\"name\":\"La segunda reuni\u00f3n de seguimiento del proyecto ThinkGut muestra como el proyecto avanza con \u00e9xito\"}]},{\"@type\":\"WebSite\",\"@id\":\"https:\/\/thinkgut.eu\/#website\",\"url\":\"https:\/\/thinkgut.eu\/\",\"name\":\"ThinkGut\",\"description\":\"Personalized prediction of cognition through the human microbiota\",\"publisher\":{\"@id\":\"https:\/\/thinkgut.eu\/#organization\"},\"potentialAction\":[{\"@type\":\"SearchAction\",\"target\":{\"@type\":\"EntryPoint\",\"urlTemplate\":\"https:\/\/thinkgut.eu\/?s={search_term_string}\"},\"query-input\":\"required name=search_term_string\"}],\"inLanguage\":\"en-US\"},{\"@type\":\"Organization\",\"@id\":\"https:\/\/thinkgut.eu\/#organization\",\"name\":\"ThinkGut\",\"url\":\"https:\/\/thinkgut.eu\/\",\"logo\":{\"@type\":\"ImageObject\",\"inLanguage\":\"en-US\",\"@id\":\"https:\/\/thinkgut.eu\/#\/schema\/logo\/image\/\",\"url\":\"https:\/\/thinkgut.eu\/wp-content\/uploads\/2020\/07\/Interreg-POCTEFA-ThinkGut-CMYK.png\",\"contentUrl\":\"https:\/\/thinkgut.eu\/wp-content\/uploads\/2020\/07\/Interreg-POCTEFA-ThinkGut-CMYK.png\",\"width\":921,\"height\":415,\"caption\":\"ThinkGut\"},\"image\":{\"@id\":\"https:\/\/thinkgut.eu\/#\/schema\/logo\/image\/\"},\"sameAs\":[\"https:\/\/www.facebook.com\/ThinkGut-103367838164953\/?modal=admin_todo_tour\",\"https:\/\/twitter.com\/thinkgut\"]},{\"@type\":\"Person\",\"@id\":\"https:\/\/thinkgut.eu\/#\/schema\/person\/fd2ffe13d3072174006a1e5580f11a77\",\"name\":\"Think Gut\",\"image\":{\"@type\":\"ImageObject\",\"inLanguage\":\"en-US\",\"@id\":\"https:\/\/thinkgut.eu\/#\/schema\/person\/image\/\",\"url\":\"https:\/\/secure.gravatar.com\/avatar\/c7fbc0a5ea69276b1a42a2194239bab8?s=96&d=mm&r=g\",\"contentUrl\":\"https:\/\/secure.gravatar.com\/avatar\/c7fbc0a5ea69276b1a42a2194239bab8?s=96&d=mm&r=g\",\"caption\":\"Think Gut\"},\"sameAs\":[\"https:\/\/thinkgut.eu\/\"]}]}<\/script>\n<!-- \/ Yoast SEO plugin. -->","yoast_head_json":{"title":"La segunda reuni\u00f3n de seguimiento del proyecto ThinkGut muestra como el proyecto avanza con \u00e9xito - ThinkGut","description":"El pasado 20 de mayo tuvo lugar la reuni\u00f3n de seguimiento semestral del proyecto ThinkGut. Un encuentro que una vez m\u00e1s se celebr\u00f3 de manera telem\u00e1tica y que tuvo la oportunidad de mostrar nuevamente como el proyecto contin\u00faa avanzando.","robots":{"index":"index","follow":"follow","max-snippet":"max-snippet:-1","max-image-preview":"max-image-preview:large","max-video-preview":"max-video-preview:-1"},"canonical":"https:\/\/thinkgut.eu\/en\/la-segunda-reunion-de-seguimiento-del-proyecto-thinkgut-muestra-como-el-proyecto-avanza-con-exito\/","og_locale":"en_US","og_type":"article","og_title":"La segunda reuni\u00f3n de seguimiento del proyecto ThinkGut muestra como el proyecto avanza con \u00e9xito - ThinkGut","og_description":"El pasado 20 de mayo tuvo lugar la reuni\u00f3n de seguimiento semestral del proyecto ThinkGut. Un encuentro que una vez m\u00e1s se celebr\u00f3 de manera telem\u00e1tica y que tuvo la oportunidad de mostrar nuevamente como el proyecto contin\u00faa avanzando.","og_url":"https:\/\/thinkgut.eu\/en\/la-segunda-reunion-de-seguimiento-del-proyecto-thinkgut-muestra-como-el-proyecto-avanza-con-exito\/","og_site_name":"ThinkGut","article_publisher":"https:\/\/www.facebook.com\/ThinkGut-103367838164953\/?modal=admin_todo_tour","article_published_time":"2021-06-04T17:52:17+00:00","article_modified_time":"2021-06-04T17:55:10+00:00","og_image":[{"width":960,"height":720,"url":"https:\/\/thinkgut.eu\/wp-content\/uploads\/foto_thinkgut.jpg","type":"image\/jpeg"}],"author":"Think Gut","twitter_card":"summary_large_image","twitter_creator":"@thinkgut","twitter_site":"@thinkgut","twitter_misc":{"Written by":"Think Gut","Est. reading time":"1 minute"},"schema":{"@context":"https:\/\/schema.org","@graph":[{"@type":"Article","@id":"https:\/\/thinkgut.eu\/en\/la-segunda-reunion-de-seguimiento-del-proyecto-thinkgut-muestra-como-el-proyecto-avanza-con-exito\/#article","isPartOf":{"@id":"https:\/\/thinkgut.eu\/en\/la-segunda-reunion-de-seguimiento-del-proyecto-thinkgut-muestra-como-el-proyecto-avanza-con-exito\/"},"author":{"name":"Think Gut","@id":"https:\/\/thinkgut.eu\/#\/schema\/person\/fd2ffe13d3072174006a1e5580f11a77"},"headline":"La segunda reuni\u00f3n de seguimiento del proyecto ThinkGut muestra como el proyecto avanza con \u00e9xito","datePublished":"2021-06-04T17:52:17+00:00","dateModified":"2021-06-04T17:55:10+00:00","mainEntityOfPage":{"@id":"https:\/\/thinkgut.eu\/en\/la-segunda-reunion-de-seguimiento-del-proyecto-thinkgut-muestra-como-el-proyecto-avanza-con-exito\/"},"wordCount":191,"publisher":{"@id":"https:\/\/thinkgut.eu\/#organization"},"articleSection":["ThinkGut project"],"inLanguage":"en-US"},{"@type":"WebPage","@id":"https:\/\/thinkgut.eu\/en\/la-segunda-reunion-de-seguimiento-del-proyecto-thinkgut-muestra-como-el-proyecto-avanza-con-exito\/","url":"https:\/\/thinkgut.eu\/en\/la-segunda-reunion-de-seguimiento-del-proyecto-thinkgut-muestra-como-el-proyecto-avanza-con-exito\/","name":"La segunda reuni\u00f3n de seguimiento del proyecto ThinkGut muestra como el proyecto avanza con \u00e9xito - ThinkGut","isPartOf":{"@id":"https:\/\/thinkgut.eu\/#website"},"datePublished":"2021-06-04T17:52:17+00:00","dateModified":"2021-06-04T17:55:10+00:00","description":"El pasado 20 de mayo tuvo lugar la reuni\u00f3n de seguimiento semestral del proyecto ThinkGut. Un encuentro que una vez m\u00e1s se celebr\u00f3 de manera telem\u00e1tica y que tuvo la oportunidad de mostrar nuevamente como el proyecto contin\u00faa avanzando.","breadcrumb":{"@id":"https:\/\/thinkgut.eu\/en\/la-segunda-reunion-de-seguimiento-del-proyecto-thinkgut-muestra-como-el-proyecto-avanza-con-exito\/#breadcrumb"},"inLanguage":"en-US","potentialAction":[{"@type":"ReadAction","target":["https:\/\/thinkgut.eu\/en\/la-segunda-reunion-de-seguimiento-del-proyecto-thinkgut-muestra-como-el-proyecto-avanza-con-exito\/"]}]},{"@type":"BreadcrumbList","@id":"https:\/\/thinkgut.eu\/en\/la-segunda-reunion-de-seguimiento-del-proyecto-thinkgut-muestra-como-el-proyecto-avanza-con-exito\/#breadcrumb","itemListElement":[{"@type":"ListItem","position":1,"name":"Home","item":"https:\/\/thinkgut.eu\/en\/"},{"@type":"ListItem","position":2,"name":"La segunda reuni\u00f3n de seguimiento del proyecto ThinkGut muestra como el proyecto avanza con \u00e9xito"}]},{"@type":"WebSite","@id":"https:\/\/thinkgut.eu\/#website","url":"https:\/\/thinkgut.eu\/","name":"ThinkGut","description":"Personalized prediction of cognition through the human microbiota","publisher":{"@id":"https:\/\/thinkgut.eu\/#organization"},"potentialAction":[{"@type":"SearchAction","target":{"@type":"EntryPoint","urlTemplate":"https:\/\/thinkgut.eu\/?s={search_term_string}"},"query-input":"required name=search_term_string"}],"inLanguage":"en-US"},{"@type":"Organization","@id":"https:\/\/thinkgut.eu\/#organization","name":"ThinkGut","url":"https:\/\/thinkgut.eu\/","logo":{"@type":"ImageObject","inLanguage":"en-US","@id":"https:\/\/thinkgut.eu\/#\/schema\/logo\/image\/","url":"https:\/\/thinkgut.eu\/wp-content\/uploads\/2020\/07\/Interreg-POCTEFA-ThinkGut-CMYK.png","contentUrl":"https:\/\/thinkgut.eu\/wp-content\/uploads\/2020\/07\/Interreg-POCTEFA-ThinkGut-CMYK.png","width":921,"height":415,"caption":"ThinkGut"},"image":{"@id":"https:\/\/thinkgut.eu\/#\/schema\/logo\/image\/"},"sameAs":["https:\/\/www.facebook.com\/ThinkGut-103367838164953\/?modal=admin_todo_tour","https:\/\/twitter.com\/thinkgut"]},{"@type":"Person","@id":"https:\/\/thinkgut.eu\/#\/schema\/person\/fd2ffe13d3072174006a1e5580f11a77","name":"Think Gut","image":{"@type":"ImageObject","inLanguage":"en-US","@id":"https:\/\/thinkgut.eu\/#\/schema\/person\/image\/","url":"https:\/\/secure.gravatar.com\/avatar\/c7fbc0a5ea69276b1a42a2194239bab8?s=96&d=mm&r=g","contentUrl":"https:\/\/secure.gravatar.com\/avatar\/c7fbc0a5ea69276b1a42a2194239bab8?s=96&d=mm&r=g","caption":"Think Gut"},"sameAs":["https:\/\/thinkgut.eu\/"]}]}},"_links":{"self":[{"href":"https:\/\/thinkgut.eu\/en\/wp-json\/wp\/v2\/posts\/1745"}],"collection":[{"href":"https:\/\/thinkgut.eu\/en\/wp-json\/wp\/v2\/posts"}],"about":[{"href":"https:\/\/thinkgut.eu\/en\/wp-json\/wp\/v2\/types\/post"}],"author":[{"embeddable":true,"href":"https:\/\/thinkgut.eu\/en\/wp-json\/wp\/v2\/users\/2"}],"replies":[{"embeddable":true,"href":"https:\/\/thinkgut.eu\/en\/wp-json\/wp\/v2\/comments?post=1745"}],"version-history":[{"count":1,"href":"https:\/\/thinkgut.eu\/en\/wp-json\/wp\/v2\/posts\/1745\/revisions"}],"predecessor-version":[{"id":1748,"href":"https:\/\/thinkgut.eu\/en\/wp-json\/wp\/v2\/posts\/1745\/revisions\/1748"}],"wp:featuredmedia":[{"embeddable":true,"href":"https:\/\/thinkgut.eu\/en\/wp-json\/wp\/v2\/media\/1739"}],"wp:attachment":[{"href":"https:\/\/thinkgut.eu\/en\/wp-json\/wp\/v2\/media?parent=1745"}],"wp:term":[{"taxonomy":"category","embeddable":true,"href":"https:\/\/thinkgut.eu\/en\/wp-json\/wp\/v2\/categories?post=1745"},{"taxonomy":"post_tag","embeddable":true,"href":"https:\/\/thinkgut.eu\/en\/wp-json\/wp\/v2\/tags?post=1745"}],"curies":[{"name":"wp","href":"https:\/\/api.w.org\/{rel}","templated":true}]}}