{"id":1426,"date":"2020-11-06T09:00:51","date_gmt":"2020-11-06T09:00:51","guid":{"rendered":"https:\/\/thinkgut.eu\/la-obesidad-afecta-la-memoria-de-trabajo-y-a-corto-plazo-a-traves-del-metabolismo-microbiano-intestinal-de-los-aminoacidos-aromaticos-nuevo-articulo-publicado-en-cell-metabolism\/"},"modified":"2020-11-09T16:26:54","modified_gmt":"2020-11-09T16:26:54","slug":"la-obesidad-afecta-la-memoria-de-trabajo-y-a-corto-plazo-a-traves-del-metabolismo-microbiano-intestinal-de-los-aminoacidos-aromaticos-nuevo-articulo-publicado-en-cell-metabolism","status":"publish","type":"post","link":"https:\/\/thinkgut.eu\/fr\/la-obesidad-afecta-la-memoria-de-trabajo-y-a-corto-plazo-a-traves-del-metabolismo-microbiano-intestinal-de-los-aminoacidos-aromaticos-nuevo-articulo-publicado-en-cell-metabolism\/","title":{"rendered":"La obesidad afecta la memoria de trabajo y a corto plazo a trav\u00e9s del metabolismo microbiano intestinal de los amino\u00e1cidos arom\u00e1ticos, nuevo art\u00edculo publicado en Cell Metabolism"},"content":{"rendered":"<p>El prestigioso portal de publicaciones cient\u00edficas Cell Metabolism ha publicado recientemente el art\u00edculo \u00ab<em><strong>Obesity Impairs Short-Term and Working Memory through Gut Microbial Metabolism of Aromatic Amino Acids<\/strong><\/em>\u00bb. Una publicaci\u00f3n liderada desde el ThinkGut y en la que destaca la presencia de varios miembros del equipo entre sus autores: Mar\u00eda Arnoriaga-Rodr\u00edguez, Jordi Mayneris-Perxachs, Oren Contreras-Rodr\u00edguez, Anna Castells, Josep Puig, Wifredo Ricart y el profesor Jos\u00e9 Manuel Fern\u00e1ndez-Real, coordinador del equipo ThinkGut.<\/p>\n<p>&nbsp;<\/p>\n<p>En la publicaci\u00f3n se explica la relaci\u00f3n entre el metabolismo microbiano intestinal de los amino\u00e1cidos arom\u00e1ticos y el deterioro de la memoria seg\u00fan el estado de obesidad. Un perfil de microbioma espec\u00edfico puede asociarse con la memoria a corto plazo, la memoria de trabajo y el volumen del hipocampo y las regiones frontales del cerebro de manera diferencial en humanos con y sin obesidad. Los resultados de este estudio muestran el valor terap\u00e9utico que tiene la observaci\u00f3n y el estudio de la microbiota intestinal, espec\u00edficamente en personas que sufren obesidad.<\/p>\n<p>&nbsp;<\/p>\n<p><img decoding=\"async\" loading=\"lazy\" class=\"alignnone size-full wp-image-1001\" src=\"https:\/\/thinkgut.eu\/wp-content\/uploads\/Figure-2.jpg\" alt=\"\" width=\"2482\" height=\"1803\" srcset=\"https:\/\/thinkgut.eu\/wp-content\/uploads\/Figure-2.jpg 2482w, https:\/\/thinkgut.eu\/wp-content\/uploads\/Figure-2-1280x930.jpg 1280w, https:\/\/thinkgut.eu\/wp-content\/uploads\/Figure-2-980x712.jpg 980w, https:\/\/thinkgut.eu\/wp-content\/uploads\/Figure-2-480x349.jpg 480w\" sizes=\"(min-width: 0px) and (max-width: 480px) 480px, (min-width: 481px) and (max-width: 980px) 980px, (min-width: 981px) and (max-width: 1280px) 1280px, (min-width: 1281px) 2482px, 100vw\" \/><\/p>\n<p>&nbsp;<\/p>\n<p><a href=\"https:\/\/www.sciencedirect.com\/science\/article\/abs\/pii\/S1550413120304800#!\" target=\"_blank\" rel=\"noopener noreferrer\">Desde este enlace<\/a> se puede acceder a la publicaci\u00f3n del art\u00edculo en <strong>Cell Metabolism<\/strong>.<\/p>\n<p>&nbsp;<\/p>\n<h4><strong>Los medios de comunicaci\u00f3n generalistas tambi\u00e9n se hacen eco de la noticia<\/strong><\/h4>\n<p>&nbsp;<\/p>\n<p>Tambi\u00e9n han sido varios los medios de comunicaci\u00f3n de car\u00e1cter generalista que han hecho difusi\u00f3n de los resultados publicados en el art\u00edculo de Cell Metabolism. La Cadena SER ha realizado una entrevista al investigador del Proyecto ThinkGut Jordi Mayneris-Perxachs en la que se han centrado durante veinte minutos a hablar sobre los hallazgos que demuestran la relaci\u00f3n entre la memoria y la obesidad. Desde <a href=\"https:\/\/play.cadenaser.com\/audio\/035RD010000000010205\/\" target=\"_blank\" rel=\"noopener noreferrer\">este enlace<\/a> se puede acceder al podcast de la entrevista.<\/p>\n<p>Tambi\u00e9n se han hecho eco varios medios de comunicaci\u00f3n escrita, como el peri\u00f3dico La Vanguardia. En su art\u00edculo, La Vanguardia, explica sobre como la investigaci\u00f3n liderada por ThinkGut demuestra que la presencia de la microbiota puede favorecer el deterioro de la memoria en las personas causado por la obesidad m\u00f3rbida. <a href=\"https:\/\/www.lavanguardia.com\/vida\/20201013\/484033493019\/demuestran-la-relacion-entre-microbios-intestinales-y-memoria-reciente.html\" target=\"_blank\" rel=\"noopener noreferrer\">En este enlace<\/a> se puede acceder al art\u00edculo.<\/p>\n<p>&nbsp;<\/p>\n","protected":false},"excerpt":{"rendered":"<p>El prestigioso portal de publicaciones cient\u00edficas Cell Metabolism ha publicado recientemente el art\u00edculo \u00abObesity Impairs Short-Term and Working Memory through Gut Microbial Metabolism of Aromatic Amino Acids\u00bb. Una publicaci\u00f3n liderada desde el ThinkGut y en la que destaca la presencia de varios miembros del equipo entre sus autores: Mar\u00eda Arnoriaga-Rodr\u00edguez, Jordi Mayneris-Perxachs, Oren Contreras-Rodr\u00edguez, Anna [&hellip;]<\/p>\n","protected":false},"author":2,"featured_media":1001,"comment_status":"closed","ping_status":"closed","sticky":false,"template":"","format":"standard","meta":{"_et_pb_use_builder":"","_et_pb_old_content":"","_et_gb_content_width":""},"categories":[30,29],"tags":[],"yoast_head":"<!-- This site is optimized with the Yoast SEO plugin v20.5 - https:\/\/yoast.com\/wordpress\/plugins\/seo\/ -->\n<title>La obesidad afecta la memoria de trabajo y a corto plazo a trav\u00e9s del metabolismo microbiano intestinal de los amino\u00e1cidos arom\u00e1ticos, nuevo art\u00edculo publicado en Cell Metabolism - ThinkGut<\/title>\n<meta name=\"description\" content=\"La relaci\u00f3n entre el metabolismo microbiano intestinal de los amino\u00e1cidos arom\u00e1ticos y el deterioro de la memoria seg\u00fan el estado de obesidad.\" \/>\n<meta name=\"robots\" content=\"index, follow, max-snippet:-1, max-image-preview:large, max-video-preview:-1\" \/>\n<link rel=\"canonical\" href=\"https:\/\/thinkgut.eu\/fr\/la-obesidad-afecta-la-memoria-de-trabajo-y-a-corto-plazo-a-traves-del-metabolismo-microbiano-intestinal-de-los-aminoacidos-aromaticos-nuevo-articulo-publicado-en-cell-metabolism\/\" \/>\n<meta property=\"og:locale\" content=\"fr_FR\" \/>\n<meta property=\"og:type\" content=\"article\" \/>\n<meta property=\"og:title\" content=\"La obesidad afecta la memoria de trabajo y a corto plazo a trav\u00e9s del metabolismo microbiano intestinal de los amino\u00e1cidos arom\u00e1ticos, nuevo art\u00edculo publicado en Cell Metabolism - ThinkGut\" \/>\n<meta property=\"og:description\" content=\"La relaci\u00f3n entre el metabolismo microbiano intestinal de los amino\u00e1cidos arom\u00e1ticos y el deterioro de la memoria seg\u00fan el estado de obesidad.\" \/>\n<meta property=\"og:url\" content=\"https:\/\/thinkgut.eu\/fr\/la-obesidad-afecta-la-memoria-de-trabajo-y-a-corto-plazo-a-traves-del-metabolismo-microbiano-intestinal-de-los-aminoacidos-aromaticos-nuevo-articulo-publicado-en-cell-metabolism\/\" \/>\n<meta property=\"og:site_name\" content=\"ThinkGut\" \/>\n<meta property=\"article:publisher\" content=\"https:\/\/www.facebook.com\/ThinkGut-103367838164953\/?modal=admin_todo_tour\" \/>\n<meta property=\"article:published_time\" content=\"2020-11-06T09:00:51+00:00\" \/>\n<meta property=\"article:modified_time\" content=\"2020-11-09T16:26:54+00:00\" \/>\n<meta property=\"og:image\" content=\"https:\/\/thinkgut.eu\/wp-content\/uploads\/Figure-2.jpg\" \/>\n\t<meta property=\"og:image:width\" content=\"2482\" \/>\n\t<meta property=\"og:image:height\" content=\"1803\" \/>\n\t<meta property=\"og:image:type\" content=\"image\/jpeg\" \/>\n<meta name=\"author\" content=\"Think Gut\" \/>\n<meta name=\"twitter:card\" content=\"summary_large_image\" \/>\n<meta name=\"twitter:creator\" content=\"@thinkgut\" \/>\n<meta name=\"twitter:site\" content=\"@thinkgut\" \/>\n<meta name=\"twitter:label1\" content=\"\u00c9crit par\" \/>\n\t<meta name=\"twitter:data1\" content=\"Think Gut\" \/>\n\t<meta name=\"twitter:label2\" content=\"Dur\u00e9e de lecture estim\u00e9e\" \/>\n\t<meta name=\"twitter:data2\" content=\"2 minutes\" \/>\n<script type=\"application\/ld+json\" class=\"yoast-schema-graph\">{\"@context\":\"https:\/\/schema.org\",\"@graph\":[{\"@type\":\"Article\",\"@id\":\"https:\/\/thinkgut.eu\/fr\/la-obesidad-afecta-la-memoria-de-trabajo-y-a-corto-plazo-a-traves-del-metabolismo-microbiano-intestinal-de-los-aminoacidos-aromaticos-nuevo-articulo-publicado-en-cell-metabolism\/#article\",\"isPartOf\":{\"@id\":\"https:\/\/thinkgut.eu\/fr\/la-obesidad-afecta-la-memoria-de-trabajo-y-a-corto-plazo-a-traves-del-metabolismo-microbiano-intestinal-de-los-aminoacidos-aromaticos-nuevo-articulo-publicado-en-cell-metabolism\/\"},\"author\":{\"name\":\"Think Gut\",\"@id\":\"https:\/\/thinkgut.eu\/#\/schema\/person\/fd2ffe13d3072174006a1e5580f11a77\"},\"headline\":\"La obesidad afecta la memoria de trabajo y a corto plazo a trav\u00e9s del metabolismo microbiano intestinal de los amino\u00e1cidos arom\u00e1ticos, nuevo art\u00edculo publicado en Cell Metabolism\",\"datePublished\":\"2020-11-06T09:00:51+00:00\",\"dateModified\":\"2020-11-09T16:26:54+00:00\",\"mainEntityOfPage\":{\"@id\":\"https:\/\/thinkgut.eu\/fr\/la-obesidad-afecta-la-memoria-de-trabajo-y-a-corto-plazo-a-traves-del-metabolismo-microbiano-intestinal-de-los-aminoacidos-aromaticos-nuevo-articulo-publicado-en-cell-metabolism\/\"},\"wordCount\":388,\"publisher\":{\"@id\":\"https:\/\/thinkgut.eu\/#organization\"},\"articleSection\":[\"Projet ThinkGut\",\"Publications\"],\"inLanguage\":\"fr-FR\"},{\"@type\":\"WebPage\",\"@id\":\"https:\/\/thinkgut.eu\/fr\/la-obesidad-afecta-la-memoria-de-trabajo-y-a-corto-plazo-a-traves-del-metabolismo-microbiano-intestinal-de-los-aminoacidos-aromaticos-nuevo-articulo-publicado-en-cell-metabolism\/\",\"url\":\"https:\/\/thinkgut.eu\/fr\/la-obesidad-afecta-la-memoria-de-trabajo-y-a-corto-plazo-a-traves-del-metabolismo-microbiano-intestinal-de-los-aminoacidos-aromaticos-nuevo-articulo-publicado-en-cell-metabolism\/\",\"name\":\"La obesidad afecta la memoria de trabajo y a corto plazo a trav\u00e9s del metabolismo microbiano intestinal de los amino\u00e1cidos arom\u00e1ticos, nuevo art\u00edculo publicado en Cell Metabolism - ThinkGut\",\"isPartOf\":{\"@id\":\"https:\/\/thinkgut.eu\/#website\"},\"datePublished\":\"2020-11-06T09:00:51+00:00\",\"dateModified\":\"2020-11-09T16:26:54+00:00\",\"description\":\"La relaci\u00f3n entre el metabolismo microbiano intestinal de los amino\u00e1cidos arom\u00e1ticos y el deterioro de la memoria seg\u00fan el estado de obesidad.\",\"breadcrumb\":{\"@id\":\"https:\/\/thinkgut.eu\/fr\/la-obesidad-afecta-la-memoria-de-trabajo-y-a-corto-plazo-a-traves-del-metabolismo-microbiano-intestinal-de-los-aminoacidos-aromaticos-nuevo-articulo-publicado-en-cell-metabolism\/#breadcrumb\"},\"inLanguage\":\"fr-FR\",\"potentialAction\":[{\"@type\":\"ReadAction\",\"target\":[\"https:\/\/thinkgut.eu\/fr\/la-obesidad-afecta-la-memoria-de-trabajo-y-a-corto-plazo-a-traves-del-metabolismo-microbiano-intestinal-de-los-aminoacidos-aromaticos-nuevo-articulo-publicado-en-cell-metabolism\/\"]}]},{\"@type\":\"BreadcrumbList\",\"@id\":\"https:\/\/thinkgut.eu\/fr\/la-obesidad-afecta-la-memoria-de-trabajo-y-a-corto-plazo-a-traves-del-metabolismo-microbiano-intestinal-de-los-aminoacidos-aromaticos-nuevo-articulo-publicado-en-cell-metabolism\/#breadcrumb\",\"itemListElement\":[{\"@type\":\"ListItem\",\"position\":1,\"name\":\"Home\",\"item\":\"https:\/\/thinkgut.eu\/fr\/\"},{\"@type\":\"ListItem\",\"position\":2,\"name\":\"La obesidad afecta la memoria de trabajo y a corto plazo a trav\u00e9s del metabolismo microbiano intestinal de los amino\u00e1cidos arom\u00e1ticos, nuevo art\u00edculo publicado en Cell Metabolism\"}]},{\"@type\":\"WebSite\",\"@id\":\"https:\/\/thinkgut.eu\/#website\",\"url\":\"https:\/\/thinkgut.eu\/\",\"name\":\"ThinkGut\",\"description\":\"Pr\u00e9diction personnalis\u00e9e des fonctions cognitives par le microbiote humain\",\"publisher\":{\"@id\":\"https:\/\/thinkgut.eu\/#organization\"},\"potentialAction\":[{\"@type\":\"SearchAction\",\"target\":{\"@type\":\"EntryPoint\",\"urlTemplate\":\"https:\/\/thinkgut.eu\/?s={search_term_string}\"},\"query-input\":\"required name=search_term_string\"}],\"inLanguage\":\"fr-FR\"},{\"@type\":\"Organization\",\"@id\":\"https:\/\/thinkgut.eu\/#organization\",\"name\":\"ThinkGut\",\"url\":\"https:\/\/thinkgut.eu\/\",\"logo\":{\"@type\":\"ImageObject\",\"inLanguage\":\"fr-FR\",\"@id\":\"https:\/\/thinkgut.eu\/#\/schema\/logo\/image\/\",\"url\":\"https:\/\/thinkgut.eu\/wp-content\/uploads\/2020\/07\/Interreg-POCTEFA-ThinkGut-CMYK.png\",\"contentUrl\":\"https:\/\/thinkgut.eu\/wp-content\/uploads\/2020\/07\/Interreg-POCTEFA-ThinkGut-CMYK.png\",\"width\":921,\"height\":415,\"caption\":\"ThinkGut\"},\"image\":{\"@id\":\"https:\/\/thinkgut.eu\/#\/schema\/logo\/image\/\"},\"sameAs\":[\"https:\/\/www.facebook.com\/ThinkGut-103367838164953\/?modal=admin_todo_tour\",\"https:\/\/twitter.com\/thinkgut\"]},{\"@type\":\"Person\",\"@id\":\"https:\/\/thinkgut.eu\/#\/schema\/person\/fd2ffe13d3072174006a1e5580f11a77\",\"name\":\"Think Gut\",\"image\":{\"@type\":\"ImageObject\",\"inLanguage\":\"fr-FR\",\"@id\":\"https:\/\/thinkgut.eu\/#\/schema\/person\/image\/\",\"url\":\"https:\/\/secure.gravatar.com\/avatar\/c7fbc0a5ea69276b1a42a2194239bab8?s=96&d=mm&r=g\",\"contentUrl\":\"https:\/\/secure.gravatar.com\/avatar\/c7fbc0a5ea69276b1a42a2194239bab8?s=96&d=mm&r=g\",\"caption\":\"Think Gut\"},\"sameAs\":[\"https:\/\/thinkgut.eu\/\"]}]}<\/script>\n<!-- \/ Yoast SEO plugin. -->","yoast_head_json":{"title":"La obesidad afecta la memoria de trabajo y a corto plazo a trav\u00e9s del metabolismo microbiano intestinal de los amino\u00e1cidos arom\u00e1ticos, nuevo art\u00edculo publicado en Cell Metabolism - ThinkGut","description":"La relaci\u00f3n entre el metabolismo microbiano intestinal de los amino\u00e1cidos arom\u00e1ticos y el deterioro de la memoria seg\u00fan el estado de obesidad.","robots":{"index":"index","follow":"follow","max-snippet":"max-snippet:-1","max-image-preview":"max-image-preview:large","max-video-preview":"max-video-preview:-1"},"canonical":"https:\/\/thinkgut.eu\/fr\/la-obesidad-afecta-la-memoria-de-trabajo-y-a-corto-plazo-a-traves-del-metabolismo-microbiano-intestinal-de-los-aminoacidos-aromaticos-nuevo-articulo-publicado-en-cell-metabolism\/","og_locale":"fr_FR","og_type":"article","og_title":"La obesidad afecta la memoria de trabajo y a corto plazo a trav\u00e9s del metabolismo microbiano intestinal de los amino\u00e1cidos arom\u00e1ticos, nuevo art\u00edculo publicado en Cell Metabolism - ThinkGut","og_description":"La relaci\u00f3n entre el metabolismo microbiano intestinal de los amino\u00e1cidos arom\u00e1ticos y el deterioro de la memoria seg\u00fan el estado de obesidad.","og_url":"https:\/\/thinkgut.eu\/fr\/la-obesidad-afecta-la-memoria-de-trabajo-y-a-corto-plazo-a-traves-del-metabolismo-microbiano-intestinal-de-los-aminoacidos-aromaticos-nuevo-articulo-publicado-en-cell-metabolism\/","og_site_name":"ThinkGut","article_publisher":"https:\/\/www.facebook.com\/ThinkGut-103367838164953\/?modal=admin_todo_tour","article_published_time":"2020-11-06T09:00:51+00:00","article_modified_time":"2020-11-09T16:26:54+00:00","og_image":[{"width":2482,"height":1803,"url":"https:\/\/thinkgut.eu\/wp-content\/uploads\/Figure-2.jpg","type":"image\/jpeg"}],"author":"Think Gut","twitter_card":"summary_large_image","twitter_creator":"@thinkgut","twitter_site":"@thinkgut","twitter_misc":{"\u00c9crit par":"Think Gut","Dur\u00e9e de lecture estim\u00e9e":"2 minutes"},"schema":{"@context":"https:\/\/schema.org","@graph":[{"@type":"Article","@id":"https:\/\/thinkgut.eu\/fr\/la-obesidad-afecta-la-memoria-de-trabajo-y-a-corto-plazo-a-traves-del-metabolismo-microbiano-intestinal-de-los-aminoacidos-aromaticos-nuevo-articulo-publicado-en-cell-metabolism\/#article","isPartOf":{"@id":"https:\/\/thinkgut.eu\/fr\/la-obesidad-afecta-la-memoria-de-trabajo-y-a-corto-plazo-a-traves-del-metabolismo-microbiano-intestinal-de-los-aminoacidos-aromaticos-nuevo-articulo-publicado-en-cell-metabolism\/"},"author":{"name":"Think Gut","@id":"https:\/\/thinkgut.eu\/#\/schema\/person\/fd2ffe13d3072174006a1e5580f11a77"},"headline":"La obesidad afecta la memoria de trabajo y a corto plazo a trav\u00e9s del metabolismo microbiano intestinal de los amino\u00e1cidos arom\u00e1ticos, nuevo art\u00edculo publicado en Cell Metabolism","datePublished":"2020-11-06T09:00:51+00:00","dateModified":"2020-11-09T16:26:54+00:00","mainEntityOfPage":{"@id":"https:\/\/thinkgut.eu\/fr\/la-obesidad-afecta-la-memoria-de-trabajo-y-a-corto-plazo-a-traves-del-metabolismo-microbiano-intestinal-de-los-aminoacidos-aromaticos-nuevo-articulo-publicado-en-cell-metabolism\/"},"wordCount":388,"publisher":{"@id":"https:\/\/thinkgut.eu\/#organization"},"articleSection":["Projet ThinkGut","Publications"],"inLanguage":"fr-FR"},{"@type":"WebPage","@id":"https:\/\/thinkgut.eu\/fr\/la-obesidad-afecta-la-memoria-de-trabajo-y-a-corto-plazo-a-traves-del-metabolismo-microbiano-intestinal-de-los-aminoacidos-aromaticos-nuevo-articulo-publicado-en-cell-metabolism\/","url":"https:\/\/thinkgut.eu\/fr\/la-obesidad-afecta-la-memoria-de-trabajo-y-a-corto-plazo-a-traves-del-metabolismo-microbiano-intestinal-de-los-aminoacidos-aromaticos-nuevo-articulo-publicado-en-cell-metabolism\/","name":"La obesidad afecta la memoria de trabajo y a corto plazo a trav\u00e9s del metabolismo microbiano intestinal de los amino\u00e1cidos arom\u00e1ticos, nuevo art\u00edculo publicado en Cell Metabolism - ThinkGut","isPartOf":{"@id":"https:\/\/thinkgut.eu\/#website"},"datePublished":"2020-11-06T09:00:51+00:00","dateModified":"2020-11-09T16:26:54+00:00","description":"La relaci\u00f3n entre el metabolismo microbiano intestinal de los amino\u00e1cidos arom\u00e1ticos y el deterioro de la memoria seg\u00fan el estado de obesidad.","breadcrumb":{"@id":"https:\/\/thinkgut.eu\/fr\/la-obesidad-afecta-la-memoria-de-trabajo-y-a-corto-plazo-a-traves-del-metabolismo-microbiano-intestinal-de-los-aminoacidos-aromaticos-nuevo-articulo-publicado-en-cell-metabolism\/#breadcrumb"},"inLanguage":"fr-FR","potentialAction":[{"@type":"ReadAction","target":["https:\/\/thinkgut.eu\/fr\/la-obesidad-afecta-la-memoria-de-trabajo-y-a-corto-plazo-a-traves-del-metabolismo-microbiano-intestinal-de-los-aminoacidos-aromaticos-nuevo-articulo-publicado-en-cell-metabolism\/"]}]},{"@type":"BreadcrumbList","@id":"https:\/\/thinkgut.eu\/fr\/la-obesidad-afecta-la-memoria-de-trabajo-y-a-corto-plazo-a-traves-del-metabolismo-microbiano-intestinal-de-los-aminoacidos-aromaticos-nuevo-articulo-publicado-en-cell-metabolism\/#breadcrumb","itemListElement":[{"@type":"ListItem","position":1,"name":"Home","item":"https:\/\/thinkgut.eu\/fr\/"},{"@type":"ListItem","position":2,"name":"La obesidad afecta la memoria de trabajo y a corto plazo a trav\u00e9s del metabolismo microbiano intestinal de los amino\u00e1cidos arom\u00e1ticos, nuevo art\u00edculo publicado en Cell Metabolism"}]},{"@type":"WebSite","@id":"https:\/\/thinkgut.eu\/#website","url":"https:\/\/thinkgut.eu\/","name":"ThinkGut","description":"Pr\u00e9diction personnalis\u00e9e des fonctions cognitives par le microbiote humain","publisher":{"@id":"https:\/\/thinkgut.eu\/#organization"},"potentialAction":[{"@type":"SearchAction","target":{"@type":"EntryPoint","urlTemplate":"https:\/\/thinkgut.eu\/?s={search_term_string}"},"query-input":"required name=search_term_string"}],"inLanguage":"fr-FR"},{"@type":"Organization","@id":"https:\/\/thinkgut.eu\/#organization","name":"ThinkGut","url":"https:\/\/thinkgut.eu\/","logo":{"@type":"ImageObject","inLanguage":"fr-FR","@id":"https:\/\/thinkgut.eu\/#\/schema\/logo\/image\/","url":"https:\/\/thinkgut.eu\/wp-content\/uploads\/2020\/07\/Interreg-POCTEFA-ThinkGut-CMYK.png","contentUrl":"https:\/\/thinkgut.eu\/wp-content\/uploads\/2020\/07\/Interreg-POCTEFA-ThinkGut-CMYK.png","width":921,"height":415,"caption":"ThinkGut"},"image":{"@id":"https:\/\/thinkgut.eu\/#\/schema\/logo\/image\/"},"sameAs":["https:\/\/www.facebook.com\/ThinkGut-103367838164953\/?modal=admin_todo_tour","https:\/\/twitter.com\/thinkgut"]},{"@type":"Person","@id":"https:\/\/thinkgut.eu\/#\/schema\/person\/fd2ffe13d3072174006a1e5580f11a77","name":"Think Gut","image":{"@type":"ImageObject","inLanguage":"fr-FR","@id":"https:\/\/thinkgut.eu\/#\/schema\/person\/image\/","url":"https:\/\/secure.gravatar.com\/avatar\/c7fbc0a5ea69276b1a42a2194239bab8?s=96&d=mm&r=g","contentUrl":"https:\/\/secure.gravatar.com\/avatar\/c7fbc0a5ea69276b1a42a2194239bab8?s=96&d=mm&r=g","caption":"Think Gut"},"sameAs":["https:\/\/thinkgut.eu\/"]}]}},"_links":{"self":[{"href":"https:\/\/thinkgut.eu\/fr\/wp-json\/wp\/v2\/posts\/1426"}],"collection":[{"href":"https:\/\/thinkgut.eu\/fr\/wp-json\/wp\/v2\/posts"}],"about":[{"href":"https:\/\/thinkgut.eu\/fr\/wp-json\/wp\/v2\/types\/post"}],"author":[{"embeddable":true,"href":"https:\/\/thinkgut.eu\/fr\/wp-json\/wp\/v2\/users\/2"}],"replies":[{"embeddable":true,"href":"https:\/\/thinkgut.eu\/fr\/wp-json\/wp\/v2\/comments?post=1426"}],"version-history":[{"count":1,"href":"https:\/\/thinkgut.eu\/fr\/wp-json\/wp\/v2\/posts\/1426\/revisions"}],"predecessor-version":[{"id":1429,"href":"https:\/\/thinkgut.eu\/fr\/wp-json\/wp\/v2\/posts\/1426\/revisions\/1429"}],"wp:featuredmedia":[{"embeddable":true,"href":"https:\/\/thinkgut.eu\/fr\/wp-json\/wp\/v2\/media\/1001"}],"wp:attachment":[{"href":"https:\/\/thinkgut.eu\/fr\/wp-json\/wp\/v2\/media?parent=1426"}],"wp:term":[{"taxonomy":"category","embeddable":true,"href":"https:\/\/thinkgut.eu\/fr\/wp-json\/wp\/v2\/categories?post=1426"},{"taxonomy":"post_tag","embeddable":true,"href":"https:\/\/thinkgut.eu\/fr\/wp-json\/wp\/v2\/tags?post=1426"}],"curies":[{"name":"wp","href":"https:\/\/api.w.org\/{rel}","templated":true}]}}